{"id":155,"date":"2023-01-26T20:47:01","date_gmt":"2023-01-26T20:47:01","guid":{"rendered":"https:\/\/mehmetozgurersan.com\/?p=155"},"modified":"2023-01-26T20:47:01","modified_gmt":"2023-01-26T20:47:01","slug":"ali-askiyla-bektasiyiz-bektas-i","status":"publish","type":"post","link":"https:\/\/mehmetozgurersan.com\/?p=155","title":{"rendered":"Ali A\u015fk\u0131yla Bekta\u015fiyiz Bekta\u015f-i"},"content":{"rendered":"<p>Garip mazlum kald\u0131k bu dar-u beldede<\/p>\n<p>Cihan olmu\u015f bize her g\u00fcn A\u015fura her yer Kerbela<\/p>\n<p>Biz yand\u0131k daha da \u00e7ok yanar\u0131z<\/p>\n<p>Bu gelip konup g\u00f6\u00e7t\u00fc\u011f\u00fcm\u00fcz ge\u00e7ici mekan i\u00e7inde<\/p>\n<p>Tazeleme yaralar\u0131m\u0131z\u0131 yakma bizi g\u0131ybetinle<\/p>\n<p>Sinemiz yan\u0131k Haydariyiz ezelden beri<\/p>\n<p>Nar-\u0131 A\u015fk\u0131 ile erenlerin ba\u011fr\u0131 hep yan\u0131kt\u0131r<\/p>\n<p>Y\u00fck\u00fcm\u00fcz gevher k\u0131ymetini kim bilsin<\/p>\n<p>Ali a\u015fk\u0131 ile pervane olmu\u015f y\u00fcre\u011fimiz<\/p>\n<p>Ate\u015f-i a\u015fk\u0131yla yanar ten-i dar\u0131m\u0131z<\/p>\n<p>Meshebimiz esrar\u0131n\u0131 sorma bize<\/p>\n<p>Nam\u0131m\u0131z Tarik-i Nazenin Bekta\u015fi<\/p>\n<p>A\u015fk\u0131 Ali&#8217;nin eyler bizi K\u0131z\u0131lba\u015f-\u0131 Alevi<\/p>\n<p>Elde tesbih dilde vird s\u0131rtta h\u0131rkam\u0131z yok<\/p>\n<p>Bir m\u00fcr\u015fide ba\u011flanm\u0131\u015f daim zihir halindeyiz<\/p>\n<p>Dosta d\u00fc\u015fmana zarar\u0131m\u0131z yok \u00e7oktur yarar\u0131m\u0131z<\/p>\n<p>Kendi dar-\u0131m\u0131z\u0131 kendi v\u00fccut binas\u0131na \u00e7ekmi\u015fiz<\/p>\n<p>Biliriz bu camide dost ile cem etmesini<\/p>\n<p>G\u00fcnde \u00fc\u00e7 be\u015f savm salat ile yetinmeyiz<\/p>\n<p>Hakk\u2019a her daim salat savm eyleriz<\/p>\n<p>Ali a\u015fk\u0131yla yanar kanar a\u011flar\u0131z<\/p>\n<p>Ad\u0131m\u0131z\u0131 b\u00f6yle K\u0131z\u0131lba\u015f eylemi\u015fiz<\/p>\n<p>Haydariyiz Haydar-i Haydar-i<\/p>\n<p>Mansur olup as\u0131l\u0131r\u0131z\u00a0dara<\/p>\n<p>Nesimi gibi y\u00fcz\u00fcl\u00fcr derimiz<\/p>\n<p>Bazen Serez&#8217;de \u00e7\u0131r\u0131l\u00e7\u0131plak bir dalda<\/p>\n<p>Bazen Sivas&#8217;ta bir meydanda<\/p>\n<p>Bedrettin olur Pir Sultan olur yine geliriz<\/p>\n<p>G\u00f6z\u00fcm\u00fcz\u00fc ya\u015f eyleriz a\u015f\u0131m\u0131z\u0131 kan eyleriz<\/p>\n<p>Zar-\u0131 zulm\u00fc bal eyleriz<\/p>\n<p>Ad\u0131m\u0131z\u0131 b\u00f6yle K\u0131z\u0131lba\u015f eyleriz<\/p>\n<p>Bir Pir&#8217;e ikrar vermi\u015fiz<\/p>\n<p>Bir ger\u00e7e\u011fe bel ba\u011flam\u0131\u015f\u0131z<\/p>\n<p>Yaln\u0131z Hakka boyun e\u011fmi\u015fiz<\/p>\n<p>Mazlumun umudu<\/p>\n<p>Zalimin korkusu olmu\u015fuz<\/p>\n<p>G\u00f6z\u00fcm\u00fcz\u00fc ya\u015f eylemi\u015fiz<\/p>\n<p>Ba\u015f\u0131m\u0131z\u0131 dik eylemi\u015fiz<\/p>\n<p>Gelmi\u015fiz bu g\u00fcne<\/p>\n<p>Ali a\u015fk\u0131yla ad\u0131m\u0131z\u0131 K\u0131z\u0131lba\u015f eylemi\u015fiz<\/p>\n<p>Abdal Yesari\u2019m der ki<\/p>\n<p>S\u0131rat-\u0131 M\u00fcstakimdir Ali&#8217;nin yolu<\/p>\n<p>Yolu s\u00fcren Pirimiz \u00fcstad\u0131m\u0131z<\/p>\n<p>H\u00fcnkar Hac\u0131 Bekta\u015f Velimiz vard\u0131r<\/p>\n<p>Biz mezhep bilmeyiz<\/p>\n<p>Tarik-i Nazenin Yolumuz vard\u0131r<\/p>\n<p>Ali A\u015fk\u0131yla Bekta\u015fiyiz Bekta\u015f-i<\/p>\n<p>Mehmet \u00d6zg\u00fcr Ersan (Yesari Abdal) 26.09.2017 \u00dcsk\u00fcdar<\/p>\n<p>26th September 2017,\u00a0<a href=\"http:\/\/www.blogger.com\/profile\/14425107517987130709\">Mehmet \u00d6zg\u00fcr Ersan<\/a>\u00a0taraf\u0131ndan yay\u0131nland\u0131<\/p>\n","protected":false},"excerpt":{"rendered":"<p>Garip mazlum kald\u0131k bu dar-u beldede Cihan olmu\u015f bize her g\u00fcn A\u015fura her yer Kerbela Biz yand\u0131k daha da \u00e7ok yanar\u0131z Bu gelip konup g\u00f6\u00e7t\u00fc\u011f\u00fcm\u00fcz ge\u00e7ici mekan i\u00e7inde Tazeleme yaralar\u0131m\u0131z\u0131&hellip;<\/p>\n","protected":false},"author":1,"featured_media":156,"comment_status":"open","ping_status":"open","sticky":false,"template":"","format":"standard","meta":{"footnotes":""},"categories":[6],"tags":[],"class_list":["post-155","post","type-post","status-publish","format-standard","has-post-thumbnail","hentry","category-nefes"],"_links":{"self":[{"href":"https:\/\/mehmetozgurersan.com\/index.php?rest_route=\/wp\/v2\/posts\/155","targetHints":{"allow":["GET"]}}],"collection":[{"href":"https:\/\/mehmetozgurersan.com\/index.php?rest_route=\/wp\/v2\/posts"}],"about":[{"href":"https:\/\/mehmetozgurersan.com\/index.php?rest_route=\/wp\/v2\/types\/post"}],"author":[{"embeddable":true,"href":"https:\/\/mehmetozgurersan.com\/index.php?rest_route=\/wp\/v2\/users\/1"}],"replies":[{"embeddable":true,"href":"https:\/\/mehmetozgurersan.com\/index.php?rest_route=%2Fwp%2Fv2%2Fcomments&post=155"}],"version-history":[{"count":1,"href":"https:\/\/mehmetozgurersan.com\/index.php?rest_route=\/wp\/v2\/posts\/155\/revisions"}],"predecessor-version":[{"id":157,"href":"https:\/\/mehmetozgurersan.com\/index.php?rest_route=\/wp\/v2\/posts\/155\/revisions\/157"}],"wp:featuredmedia":[{"embeddable":true,"href":"https:\/\/mehmetozgurersan.com\/index.php?rest_route=\/wp\/v2\/media\/156"}],"wp:attachment":[{"href":"https:\/\/mehmetozgurersan.com\/index.php?rest_route=%2Fwp%2Fv2%2Fmedia&parent=155"}],"wp:term":[{"taxonomy":"category","embeddable":true,"href":"https:\/\/mehmetozgurersan.com\/index.php?rest_route=%2Fwp%2Fv2%2Fcategories&post=155"},{"taxonomy":"post_tag","embeddable":true,"href":"https:\/\/mehmetozgurersan.com\/index.php?rest_route=%2Fwp%2Fv2%2Ftags&post=155"}],"curies":[{"name":"wp","href":"https:\/\/api.w.org\/{rel}","templated":true}]}}