{"id":385,"date":"2023-09-13T12:17:32","date_gmt":"2023-09-13T12:17:32","guid":{"rendered":"https:\/\/mehmetozgurersan.com\/?p=385"},"modified":"2023-09-13T12:17:32","modified_gmt":"2023-09-13T12:17:32","slug":"binbir-donda-bas-gosteren-murteza-dedik","status":"publish","type":"post","link":"https:\/\/mehmetozgurersan.com\/?p=385","title":{"rendered":"B\u0130NB\u0130R DONDA BA\u015e G\u00d6STEREN M\u00dcRTEZA DED\u0130K"},"content":{"rendered":"<div class=\"xdj266r x11i5rnm xat24cr x1mh8g0r x1vvkbs x126k92a\">\n<div dir=\"auto\"><\/div>\n<\/div>\n<div class=\"x11i5rnm xat24cr x1mh8g0r x1vvkbs xtlvy1s x126k92a\">\n<div dir=\"auto\">Binbir donda ba\u015f g\u00f6steren M\u00fcrteza dedik<\/div>\n<div dir=\"auto\">Hasan Hulgi R\u0131za&#8217;ya ile Ehlibeyte ikrar verdik<\/div>\n<div dir=\"auto\">H\u00fcseyin De\u015fti Kerbela ile bu yola ba\u015f verdik<\/div>\n<div dir=\"auto\">Zeynel Abidin Seccad ile kurtulu\u015fa erdik<\/div>\n<div dir=\"auto\">Muhammed Bak\u0131r ke\u015ff ile ilmi yard\u0131k<\/div>\n<div dir=\"auto\">Cafer Sad\u0131k-\u0131 Metin ile tarikat-\u0131 kurduk<\/div>\n<div dir=\"auto\">Musa Kaz\u0131m&#8217;d\u0131r ceddimiz ab\u0131 ile cesedi yuduk<\/div>\n<div dir=\"auto\">Ali Riza \u015eah\u0131 Horasan Ocaklar\u0131 kurduk<\/div>\n<div dir=\"auto\">Taki Naki Askeri El Aman yeti\u015f car\u0131m\u0131za<\/div>\n<div dir=\"auto\">Mehdi sahib\u00fcl zaman kutbul devran<\/div>\n<div dir=\"auto\">Abdal Yesarim bilir mi yad\u0131 yaban\u0131<\/div>\n<div dir=\"auto\">\u00dcstad\u0131m\u0131z H\u00fcnkar Hac\u0131 Bekta\u015f Veli el aman<\/div>\n<\/div>\n<div class=\"x11i5rnm xat24cr x1mh8g0r x1vvkbs xtlvy1s x126k92a\">\n<div dir=\"auto\">A\u015fk ile<\/div>\n<\/div>\n<div class=\"x11i5rnm xat24cr x1mh8g0r x1vvkbs xtlvy1s x126k92a\">\n<div dir=\"auto\">Mehmet \u00d6zg\u00fcr Ersan<\/div>\n<div dir=\"auto\">Abdal Yesari<\/div>\n<\/div>\n","protected":false},"excerpt":{"rendered":"<p>Binbir donda ba\u015f g\u00f6steren M\u00fcrteza dedik Hasan Hulgi R\u0131za&#8217;ya ile Ehlibeyte ikrar verdik H\u00fcseyin De\u015fti Kerbela ile bu yola ba\u015f verdik Zeynel Abidin Seccad ile kurtulu\u015fa erdik Muhammed Bak\u0131r ke\u015ff&hellip;<\/p>\n","protected":false},"author":1,"featured_media":386,"comment_status":"open","ping_status":"open","sticky":false,"template":"","format":"standard","meta":{"footnotes":""},"categories":[6],"tags":[],"class_list":["post-385","post","type-post","status-publish","format-standard","has-post-thumbnail","hentry","category-nefes"],"_links":{"self":[{"href":"https:\/\/mehmetozgurersan.com\/index.php?rest_route=\/wp\/v2\/posts\/385","targetHints":{"allow":["GET"]}}],"collection":[{"href":"https:\/\/mehmetozgurersan.com\/index.php?rest_route=\/wp\/v2\/posts"}],"about":[{"href":"https:\/\/mehmetozgurersan.com\/index.php?rest_route=\/wp\/v2\/types\/post"}],"author":[{"embeddable":true,"href":"https:\/\/mehmetozgurersan.com\/index.php?rest_route=\/wp\/v2\/users\/1"}],"replies":[{"embeddable":true,"href":"https:\/\/mehmetozgurersan.com\/index.php?rest_route=%2Fwp%2Fv2%2Fcomments&post=385"}],"version-history":[{"count":1,"href":"https:\/\/mehmetozgurersan.com\/index.php?rest_route=\/wp\/v2\/posts\/385\/revisions"}],"predecessor-version":[{"id":387,"href":"https:\/\/mehmetozgurersan.com\/index.php?rest_route=\/wp\/v2\/posts\/385\/revisions\/387"}],"wp:featuredmedia":[{"embeddable":true,"href":"https:\/\/mehmetozgurersan.com\/index.php?rest_route=\/wp\/v2\/media\/386"}],"wp:attachment":[{"href":"https:\/\/mehmetozgurersan.com\/index.php?rest_route=%2Fwp%2Fv2%2Fmedia&parent=385"}],"wp:term":[{"taxonomy":"category","embeddable":true,"href":"https:\/\/mehmetozgurersan.com\/index.php?rest_route=%2Fwp%2Fv2%2Fcategories&post=385"},{"taxonomy":"post_tag","embeddable":true,"href":"https:\/\/mehmetozgurersan.com\/index.php?rest_route=%2Fwp%2Fv2%2Ftags&post=385"}],"curies":[{"name":"wp","href":"https:\/\/api.w.org\/{rel}","templated":true}]}}