{"id":523,"date":"2023-10-03T12:23:12","date_gmt":"2023-10-03T12:23:12","guid":{"rendered":"https:\/\/mehmetozgurersan.com\/?p=523"},"modified":"2023-10-03T12:23:46","modified_gmt":"2023-10-03T12:23:46","slug":"safeviler-kizilbas-ordusunu-lagvedip-turkmen-kizilbas-aleviligini-tasavvufi-yonden-cikarip-siilige-suruklemesi-yikilisi-getirdi","status":"publish","type":"post","link":"https:\/\/mehmetozgurersan.com\/?p=523","title":{"rendered":"SAFEV\u0130LER KIZILBA\u015e ORDUSUNU LA\u011eVED\u0130P, T\u00dcRKMEN KIZILBA\u015e ALEV\u0130L\u0130\u011e\u0130N\u0130 TASAVVUF\u0130 Y\u00d6NDEN \u00c7IKARIP \u015e\u0130\u0130L\u0130\u011eE S\u00dcR\u00dcKLEMES\u0130 YIKILI\u015eI GET\u0130RD\u0130"},"content":{"rendered":"<div class=\"xdj266r x11i5rnm xat24cr x1mh8g0r x1vvkbs x126k92a\">\n<div dir=\"auto\"><\/div>\n<\/div>\n<div class=\"x11i5rnm xat24cr x1mh8g0r x1vvkbs xtlvy1s x126k92a\">\n<div dir=\"auto\">\u015eah Abbas ve Safevi G\u00fcc\u00fcn\u00fcn Dirili\u015fi diye bilinen I. Abbas, 1590\u2019da Osmanl\u0131larla antla\u015fma imzalad\u0131ktan sonra \u015fahl\u0131\u011f\u0131n idar\u00ee ve asker\u00ee yap\u0131s\u0131nda k\u00f6kl\u00fc de\u011fi\u015fikliklere gitti. Osmanl\u0131 \u00f6rne\u011fini izleyen \u015fah, idarede T\u00fcrk emirlerin n\u00fcfuzunu k\u0131rarak kap\u0131kulu ocaklar\u0131na benzer, do\u011frudan \u015fahs\u0131na ba\u011fl\u0131 bir asker\u00ee te\u015fkilat kurdu.<\/div>\n<\/div>\n<div class=\"x11i5rnm xat24cr x1mh8g0r x1vvkbs xtlvy1s x126k92a\">\n<div dir=\"auto\">G\u00fcrc\u00fc, \u00c7erkez ve \u0130ranl\u0131 Ermenilerden m\u00fcte\u015fekkil bu ordunun neferlerine, Osmanl\u0131larda oldu\u011fu gibi kul, subay kademesinde olanlara kullar a\u011fas\u0131 deniliyordu. 40.000 ki\u015filik d\u00fczenli bir orduya tekab\u00fcl eden bu kuvvet, t\u00fcfek\u00e7i piyadenin yan\u0131 s\u0131ra s\u00fcvari ve top\u00e7u b\u00f6l\u00fcklerinden olu\u015fuyordu (Lockhart, 2016; Haneda, 1987: 144-216).<\/div>\n<\/div>\n<div class=\"x11i5rnm xat24cr x1mh8g0r x1vvkbs xtlvy1s x126k92a\">\n<div dir=\"auto\">\u015eah Abbas, ordusundaki top say\u0131s\u0131n\u0131 art\u0131rmak i\u00e7in bat\u0131l\u0131 uzmanlarla temas kurdu. 1598\u2019de Essex kontunun el\u00e7isi olarak \u0130ran\u2019a gelen Shirley biraderlerin Safevi ordusunun modernizasyonunda \u00f6nemli katk\u0131 sa\u011flad\u0131\u011f\u0131 uzun y\u0131llar boyunca tarih kitaplar\u0131nda tekrar edilegelmi\u015ftir (Savory, 1967).<\/div>\n<\/div>\n<div class=\"x11i5rnm xat24cr x1mh8g0r x1vvkbs xtlvy1s x126k92a\">\n<div dir=\"auto\">\u00dcrd\u00fcn&#8217;den gelen Ulema \u0130mam Hasan evlad\u0131 \u015feriflerle K\u0131z\u0131lba\u015f Alevili\u011fin Cem olgusu yerine \u00dc\u00e7 Vakit Namaz ve Ezana &#8220;Aliyyul Veliullah&#8217; &#8216;Ali Allah&#8217;\u0131n Velisi&#8217;dir kelimesi eklenerek T\u00fcrkmen K\u0131z\u0131lba\u015f Alevilik yerine Safevi \u015eias\u0131 olu\u015fmu\u015ftur.<\/div>\n<\/div>\n<div class=\"x11i5rnm xat24cr x1mh8g0r x1vvkbs xtlvy1s x126k92a\">\n<div dir=\"auto\">Osmanl\u0131 Bekta\u015filere s\u0131rt \u00e7evirip T\u00fcrkmen Bekta\u015fi Alevili\u011fi yerine M\u0131s\u0131r S\u00fcnnili\u011fi getirmesi ve Yeni\u00e7erileri ordusu nas\u0131l la\u011fvedildiyse Safeviler K\u0131z\u0131lba\u015f Ordusunu La\u011fvedip, T\u00fcrkmen K\u0131z\u0131lba\u015f Alevili\u011fini Tasavvufi y\u00f6nden \u00e7\u0131kar\u0131p \u015eiili\u011fe S\u00fcr\u00fcklemesi Y\u0131k\u0131l\u0131\u015f\u0131 getirmi\u015ftir.<\/div>\n<\/div>\n<div class=\"x11i5rnm xat24cr x1mh8g0r x1vvkbs xtlvy1s x126k92a\">\n<div dir=\"auto\"><\/div>\n<div dir=\"auto\">A\u015fk ile<\/div>\n<\/div>\n<div class=\"x11i5rnm xat24cr x1mh8g0r x1vvkbs xtlvy1s x126k92a\">\n<div dir=\"auto\">Mehmet \u00d6zg\u00fcr Ersan<\/div>\n<div dir=\"auto\">Abdal Yesari<\/div>\n<\/div>\n<div class=\"x11i5rnm xat24cr x1mh8g0r x1vvkbs xtlvy1s x126k92a\">\n<div dir=\"auto\"><\/div>\n<div dir=\"auto\">Resim : Safevi Devleti Bayra\u011f\u0131<\/div>\n<\/div>\n","protected":false},"excerpt":{"rendered":"<p>\u015eah Abbas ve Safevi G\u00fcc\u00fcn\u00fcn Dirili\u015fi diye bilinen I. Abbas, 1590\u2019da Osmanl\u0131larla antla\u015fma imzalad\u0131ktan sonra \u015fahl\u0131\u011f\u0131n idar\u00ee ve asker\u00ee yap\u0131s\u0131nda k\u00f6kl\u00fc de\u011fi\u015fikliklere gitti. Osmanl\u0131 \u00f6rne\u011fini izleyen \u015fah, idarede T\u00fcrk emirlerin&hellip;<\/p>\n","protected":false},"author":1,"featured_media":525,"comment_status":"open","ping_status":"open","sticky":false,"template":"","format":"standard","meta":{"footnotes":""},"categories":[4],"tags":[],"class_list":["post-523","post","type-post","status-publish","format-standard","has-post-thumbnail","hentry","category-makale"],"_links":{"self":[{"href":"https:\/\/mehmetozgurersan.com\/index.php?rest_route=\/wp\/v2\/posts\/523","targetHints":{"allow":["GET"]}}],"collection":[{"href":"https:\/\/mehmetozgurersan.com\/index.php?rest_route=\/wp\/v2\/posts"}],"about":[{"href":"https:\/\/mehmetozgurersan.com\/index.php?rest_route=\/wp\/v2\/types\/post"}],"author":[{"embeddable":true,"href":"https:\/\/mehmetozgurersan.com\/index.php?rest_route=\/wp\/v2\/users\/1"}],"replies":[{"embeddable":true,"href":"https:\/\/mehmetozgurersan.com\/index.php?rest_route=%2Fwp%2Fv2%2Fcomments&post=523"}],"version-history":[{"count":1,"href":"https:\/\/mehmetozgurersan.com\/index.php?rest_route=\/wp\/v2\/posts\/523\/revisions"}],"predecessor-version":[{"id":524,"href":"https:\/\/mehmetozgurersan.com\/index.php?rest_route=\/wp\/v2\/posts\/523\/revisions\/524"}],"wp:featuredmedia":[{"embeddable":true,"href":"https:\/\/mehmetozgurersan.com\/index.php?rest_route=\/wp\/v2\/media\/525"}],"wp:attachment":[{"href":"https:\/\/mehmetozgurersan.com\/index.php?rest_route=%2Fwp%2Fv2%2Fmedia&parent=523"}],"wp:term":[{"taxonomy":"category","embeddable":true,"href":"https:\/\/mehmetozgurersan.com\/index.php?rest_route=%2Fwp%2Fv2%2Fcategories&post=523"},{"taxonomy":"post_tag","embeddable":true,"href":"https:\/\/mehmetozgurersan.com\/index.php?rest_route=%2Fwp%2Fv2%2Ftags&post=523"}],"curies":[{"name":"wp","href":"https:\/\/api.w.org\/{rel}","templated":true}]}}